{"id":877,"date":"2018-05-06T22:31:38","date_gmt":"2018-05-06T20:31:38","guid":{"rendered":"http:\/\/www.felixfrey.de\/?p=877"},"modified":"2025-01-26T11:06:13","modified_gmt":"2025-01-26T10:06:13","slug":"360-panorama-kraemel-nord-sued","status":"publish","type":"post","link":"https:\/\/www.felixfrey.de\/?p=877","title":{"rendered":"360\u00b0 Panorama [Kr\u00e4mel Nord\/S\u00fcd]"},"content":{"rendered":"<p>360\u00b0 Panorama 50m \u00fcber Hofen (Kr\u00e4melweg Nord):<br \/>\n<iframe loading=\"lazy\" src=\"https:\/\/luftaufnahmen.felixfrey.de\/2018-05-06_kraemelweg_nord\/2018-05-06_kraemelweg_nord.html\" width=\"100%\" height=\"400\"><\/iframe><br \/>\n<a href=\"https:\/\/luftaufnahmen.felixfrey.de\/2018-05-06_kraemelweg_nord\/2018-05-06_kraemelweg_nord.html\" target=\"_blank\" rel=\"noopener\"><strong>Vollbild \u00f6ffnen<\/strong><\/a><\/p>\n<p>360\u00b0 Panorama 50m \u00fcber Hofen (Kr\u00e4melweg S\u00fcd):<br \/>\n<iframe loading=\"lazy\" src=\"https:\/\/luftaufnahmen.felixfrey.de\/2018-05-06_kraemelweg_sued\/2018-05-06_kraemelweg_sued.html\" width=\"100%\" height=\"400\"><\/iframe><br \/>\n<a href=\"https:\/\/luftaufnahmen.felixfrey.de\/2018-05-06_kraemelweg_sued\/2018-05-06_kraemelweg_sued.html\" target=\"_blank\" rel=\"noopener\"><strong>Vollbild \u00f6ffnen<\/strong><\/a><\/p>\n","protected":false},"excerpt":{"rendered":"<div class=\"mh-excerpt\"><p>360\u00b0 Panorama 50m \u00fcber Hofen (Kr\u00e4melweg Nord): Vollbild \u00f6ffnen 360\u00b0 Panorama 50m \u00fcber Hofen (Kr\u00e4melweg S\u00fcd): Vollbild \u00f6ffnen<\/p>\n<\/div>","protected":false},"author":1,"featured_media":882,"comment_status":"closed","ping_status":"closed","sticky":false,"template":"","format":"standard","meta":{"footnotes":""},"categories":[6],"tags":[],"class_list":["post-877","post","type-post","status-publish","format-standard","has-post-thumbnail","hentry","category-luftaufnahmen"],"_links":{"self":[{"href":"https:\/\/www.felixfrey.de\/index.php?rest_route=\/wp\/v2\/posts\/877","targetHints":{"allow":["GET"]}}],"collection":[{"href":"https:\/\/www.felixfrey.de\/index.php?rest_route=\/wp\/v2\/posts"}],"about":[{"href":"https:\/\/www.felixfrey.de\/index.php?rest_route=\/wp\/v2\/types\/post"}],"author":[{"embeddable":true,"href":"https:\/\/www.felixfrey.de\/index.php?rest_route=\/wp\/v2\/users\/1"}],"replies":[{"embeddable":true,"href":"https:\/\/www.felixfrey.de\/index.php?rest_route=%2Fwp%2Fv2%2Fcomments&post=877"}],"version-history":[{"count":5,"href":"https:\/\/www.felixfrey.de\/index.php?rest_route=\/wp\/v2\/posts\/877\/revisions"}],"predecessor-version":[{"id":1008,"href":"https:\/\/www.felixfrey.de\/index.php?rest_route=\/wp\/v2\/posts\/877\/revisions\/1008"}],"wp:featuredmedia":[{"embeddable":true,"href":"https:\/\/www.felixfrey.de\/index.php?rest_route=\/wp\/v2\/media\/882"}],"wp:attachment":[{"href":"https:\/\/www.felixfrey.de\/index.php?rest_route=%2Fwp%2Fv2%2Fmedia&parent=877"}],"wp:term":[{"taxonomy":"category","embeddable":true,"href":"https:\/\/www.felixfrey.de\/index.php?rest_route=%2Fwp%2Fv2%2Fcategories&post=877"},{"taxonomy":"post_tag","embeddable":true,"href":"https:\/\/www.felixfrey.de\/index.php?rest_route=%2Fwp%2Fv2%2Ftags&post=877"}],"curies":[{"name":"wp","href":"https:\/\/api.w.org\/{rel}","templated":true}]}}